{"id":2027,"date":"2018-02-07T11:03:22","date_gmt":"2018-02-07T10:03:22","guid":{"rendered":"http:\/\/www.dcwtlemcen.dz\/?p=2027"},"modified":"2018-02-07T11:03:22","modified_gmt":"2018-02-07T10:03:22","slug":"avis-aux-operateurs-economique","status":"publish","type":"post","link":"https:\/\/dcwtlemcen.dz\/?p=2027&lang=fr","title":{"rendered":"Avis aux operateurs \u00e9conomique"},"content":{"rendered":"<p style=\"text-align: center;\"><strong>Avis aux operateurs \u00e9conomique exer\u00e7ant les activit\u00e9s d\u2019importation pour la revente en l\u2019\u00e9tat<\/strong><\/p>\n<p><strong>\u00a0<\/strong><\/p>\n<p>Le \u00a0minist\u00e8re du commerce porte \u00e0 la connaissance des op\u00e9rateurs \u00e9conomique exer\u00e7ant les activit\u00e9s d\u2019importation pour la revente en l\u2019\u00e9tat,\u00a0 qu\u2019en application des dispositions de l\u2019arr\u00eate du 02 novembre 2017, la dur\u00e9e de validit\u00e9 des extraits du registre du commerce, d\u00e9livr\u00e9s aux assujettis en vue d\u2019exercice des activit\u00e9s d\u2019importation de mati\u00e8res premi\u00e8res, produits et marchandises destines a la revente en l\u2019\u00e9tat, <strong>est fix\u00e9e \u00e0 deux (02) ann\u00e9es renouvelable<\/strong>.<\/p>\n<p>A ce titre, tout registre du commerce non renouvel\u00e9 avant la date du <strong>13 juin 2018 devient sans effet <\/strong>et n\u2019ouvre plus le droit \u00e0 son titulaire d\u2019exercer ses activit\u00e9s notamment, celle de l\u2019importation.<\/p>\n<p>Par ailleurs,\u00a0 les operateurs \u00e9conomiques qui importent pour propre compte dans le cadre de leurs activit\u00e9s de production, de transformation et\/ou de r\u00e9alisation, dans la limite de leurs propre besoin, ne sont pas concern\u00e9s par les dispositions de cet arr\u00eat\u00e9.\t\t<\/p>\n","protected":false},"excerpt":{"rendered":"<p>Avis aux operateurs \u00e9conomique exer\u00e7ant les activit\u00e9s d\u2019importation pour la revente en l\u2019\u00e9tat \u00a0 Le \u00a0minist\u00e8re du commerce porte \u00e0 la connaissance des op\u00e9rateurs \u00e9conomique &hellip;<\/p>\n","protected":false},"author":2,"featured_media":927,"comment_status":"closed","ping_status":"closed","sticky":false,"template":"","format":"standard","meta":{"footnotes":""},"categories":[1],"tags":[],"class_list":["post-2027","post","type-post","status-publish","format-standard","has-post-thumbnail","hentry","category-home_ar"],"_links":{"self":[{"href":"https:\/\/dcwtlemcen.dz\/index.php?rest_route=\/wp\/v2\/posts\/2027","targetHints":{"allow":["GET"]}}],"collection":[{"href":"https:\/\/dcwtlemcen.dz\/index.php?rest_route=\/wp\/v2\/posts"}],"about":[{"href":"https:\/\/dcwtlemcen.dz\/index.php?rest_route=\/wp\/v2\/types\/post"}],"author":[{"embeddable":true,"href":"https:\/\/dcwtlemcen.dz\/index.php?rest_route=\/wp\/v2\/users\/2"}],"replies":[{"embeddable":true,"href":"https:\/\/dcwtlemcen.dz\/index.php?rest_route=%2Fwp%2Fv2%2Fcomments&post=2027"}],"version-history":[{"count":0,"href":"https:\/\/dcwtlemcen.dz\/index.php?rest_route=\/wp\/v2\/posts\/2027\/revisions"}],"wp:featuredmedia":[{"embeddable":true,"href":"https:\/\/dcwtlemcen.dz\/index.php?rest_route=\/wp\/v2\/media\/927"}],"wp:attachment":[{"href":"https:\/\/dcwtlemcen.dz\/index.php?rest_route=%2Fwp%2Fv2%2Fmedia&parent=2027"}],"wp:term":[{"taxonomy":"category","embeddable":true,"href":"https:\/\/dcwtlemcen.dz\/index.php?rest_route=%2Fwp%2Fv2%2Fcategories&post=2027"},{"taxonomy":"post_tag","embeddable":true,"href":"https:\/\/dcwtlemcen.dz\/index.php?rest_route=%2Fwp%2Fv2%2Ftags&post=2027"}],"curies":[{"name":"wp","href":"https:\/\/api.w.org\/{rel}","templated":true}]}}