{"id":3879,"date":"2026-03-12T11:41:24","date_gmt":"2026-03-12T10:41:24","guid":{"rendered":"https:\/\/dcwtlemcen.dz\/?p=3879"},"modified":"2026-03-12T11:44:45","modified_gmt":"2026-03-12T10:44:45","slug":"politique-de-confidentialite-et-de-la-protection-des-donnees-a-caractere-personnel","status":"publish","type":"post","link":"https:\/\/dcwtlemcen.dz\/?p=3879&lang=fr","title":{"rendered":"Politique de confidentialit\u00e9 et de la protection des donn\u00e9es \u00e0 caract\u00e8re personnel"},"content":{"rendered":"\n<p>L\u2019objectif de cette publication vise \u00e0 d\u00e9finir les principes et les orientations adopt\u00e9s par \u2018\u2019le Minist\u00e8re du Commerce Int\u00e9rieur et de la R\u00e9gulation du March\u00e9 National\u2019\u2019 dans le traitement des donn\u00e9es \u00e0 caract\u00e8re personnel. <\/p>\n\n\n\n<p>Cette politique vise aussi, \u00e0 d\u00e9finir les conditions de traitement des donn\u00e9es \u00e0 caract\u00e8re personnel et mettre en avant les engagements r\u00e9gissant \u2018\u2019 le Minist\u00e8re du Commerce Int\u00e9rieur et de la R\u00e9gulation du March\u00e9 National\u2019\u2019, en ce qui concerne le respect des droits des personnes concern\u00e9es (fonctionnaires, stagiaires, importateurs, op\u00e9rateurs \u00e9conomiques, visiteurs et toute personnes en lien avec le Minist\u00e8re.<\/p>\n\n\n\n<p>Cliquer sur les liens suivants selon la langue souhait\u00e9e pour plus de d\u00e9tails:<\/p>\n\n\n\n<p><strong><a href=\"https:\/\/dcwtlemcen.dz\/wp-content\/uploads\/2026\/03\/\u0635\u0641\u062d\u0629-\u0633\u064a\u0627\u0633\u0629-\u0627\u0644\u062e\u0635\u0648\u0635\u064a\u0629.pdf\" data-type=\"link\" data-id=\"https:\/\/dcwtlemcen.dz\/wp-content\/uploads\/2026\/03\/\u0635\u0641\u062d\u0629-\u0633\u064a\u0627\u0633\u0629-\u0627\u0644\u062e\u0635\u0648\u0635\u064a\u0629.pdf\">\u0633\u064a\u0627\u0633\u0629 \u0627\u0644\u062e\u0635\u0648\u0635\u064a\u0629 \u0648\u062d\u0645\u0627\u064a\u0629 \u0627\u0644\u0645\u0639\u0637\u064a\u0627\u062a \u0630\u0627\u062a \u0627\u0644\u0637\u0627\u0628\u0639 \u0627\u0644\u0634\u062e\u0635\u064a<\/a><\/strong><\/p>\n\n\n\n<p><strong><a href=\"https:\/\/dcwtlemcen.dz\/wp-content\/uploads\/2026\/03\/\u062d\u0645\u0627\u064a\u0629-\u0627\u0644\u0645\u0639\u0637\u064a\u0627\u062a-\u0641\u0631\u0646\u0633\u064a.pdf\" data-type=\"link\" data-id=\"https:\/\/dcwtlemcen.dz\/wp-content\/uploads\/2026\/03\/\u062d\u0645\u0627\u064a\u0629-\u0627\u0644\u0645\u0639\u0637\u064a\u0627\u062a-\u0641\u0631\u0646\u0633\u064a.pdf\">Politique de confidentialit\u00e9 et de la protection des donn\u00e9es \u00e0 caract\u00e8re personnel<\/a><\/strong><\/p>\n\n\n\n<p><strong><a href=\"https:\/\/dcwtlemcen.dz\/wp-content\/uploads\/2026\/03\/\u062d\u0645\u0627\u064a\u0629-\u0627\u0644\u0645\u0639\u0637\u064a\u0627\u062a-\u0627\u0646\u062c\u0644\u064a\u0632\u064a-1.pdf\" data-type=\"link\" data-id=\"https:\/\/dcwtlemcen.dz\/wp-content\/uploads\/2026\/03\/\u062d\u0645\u0627\u064a\u0629-\u0627\u0644\u0645\u0639\u0637\u064a\u0627\u062a-\u0627\u0646\u062c\u0644\u064a\u0632\u064a-1.pdf\">Privacy Policy and Personal Data Protection<\/a><\/strong><\/p>\n","protected":false},"excerpt":{"rendered":"<p>L\u2019objectif de cette publication vise \u00e0 d\u00e9finir les principes et les orientations adopt\u00e9s par \u2018\u2019le Minist\u00e8re du Commerce Int\u00e9rieur et de la R\u00e9gulation du March\u00e9 &hellip;<\/p>\n","protected":false},"author":1,"featured_media":3256,"comment_status":"closed","ping_status":"closed","sticky":false,"template":"","format":"standard","meta":{"footnotes":""},"categories":[8,23],"tags":[],"class_list":["post-3879","post","type-post","status-publish","format-standard","has-post-thumbnail","hentry","category-aceuil","category-annonces_fr"],"_links":{"self":[{"href":"https:\/\/dcwtlemcen.dz\/index.php?rest_route=\/wp\/v2\/posts\/3879","targetHints":{"allow":["GET"]}}],"collection":[{"href":"https:\/\/dcwtlemcen.dz\/index.php?rest_route=\/wp\/v2\/posts"}],"about":[{"href":"https:\/\/dcwtlemcen.dz\/index.php?rest_route=\/wp\/v2\/types\/post"}],"author":[{"embeddable":true,"href":"https:\/\/dcwtlemcen.dz\/index.php?rest_route=\/wp\/v2\/users\/1"}],"replies":[{"embeddable":true,"href":"https:\/\/dcwtlemcen.dz\/index.php?rest_route=%2Fwp%2Fv2%2Fcomments&post=3879"}],"version-history":[{"count":2,"href":"https:\/\/dcwtlemcen.dz\/index.php?rest_route=\/wp\/v2\/posts\/3879\/revisions"}],"predecessor-version":[{"id":3882,"href":"https:\/\/dcwtlemcen.dz\/index.php?rest_route=\/wp\/v2\/posts\/3879\/revisions\/3882"}],"wp:featuredmedia":[{"embeddable":true,"href":"https:\/\/dcwtlemcen.dz\/index.php?rest_route=\/wp\/v2\/media\/3256"}],"wp:attachment":[{"href":"https:\/\/dcwtlemcen.dz\/index.php?rest_route=%2Fwp%2Fv2%2Fmedia&parent=3879"}],"wp:term":[{"taxonomy":"category","embeddable":true,"href":"https:\/\/dcwtlemcen.dz\/index.php?rest_route=%2Fwp%2Fv2%2Fcategories&post=3879"},{"taxonomy":"post_tag","embeddable":true,"href":"https:\/\/dcwtlemcen.dz\/index.php?rest_route=%2Fwp%2Fv2%2Ftags&post=3879"}],"curies":[{"name":"wp","href":"https:\/\/api.w.org\/{rel}","templated":true}]}}